{"id":3553,"date":"2023-11-13T15:57:51","date_gmt":"2023-11-13T15:57:51","guid":{"rendered":"https:\/\/www.aevp.pt\/?p=3553"},"modified":"2023-11-13T16:34:55","modified_gmt":"2023-11-13T16:34:55","slug":"comunicado-de-imprensa-dia-do-vinho-com-moderacao","status":"publish","type":"post","link":"https:\/\/www.aevp.pt\/index.php\/2023\/11\/13\/comunicado-de-imprensa-dia-do-vinho-com-moderacao\/","title":{"rendered":"Comunicado de Imprensa: Dia do Vinho com Modera\u00e7\u00e3o"},"content":{"rendered":"\t\t<div data-elementor-type=\"wp-post\" data-elementor-id=\"3553\" class=\"elementor elementor-3553\">\n\t\t\t\t\t\t<section class=\"elementor-section elementor-top-section elementor-element elementor-element-a2837fe elementor-section-boxed elementor-section-height-default elementor-section-height-default\" data-id=\"a2837fe\" data-element_type=\"section\" data-e-type=\"section\">\n\t\t\t\t\t\t<div class=\"elementor-container elementor-column-gap-default\">\n\t\t\t\t\t<div class=\"elementor-column elementor-col-100 elementor-top-column elementor-element elementor-element-a9d5647\" data-id=\"a9d5647\" data-element_type=\"column\" data-e-type=\"column\">\n\t\t\t<div class=\"elementor-widget-wrap elementor-element-populated\">\n\t\t\t\t\t\t<div class=\"elementor-element elementor-element-9bf6666 elementor-widget elementor-widget-heading\" data-id=\"9bf6666\" data-element_type=\"widget\" data-e-type=\"widget\" data-widget_type=\"heading.default\">\n\t\t\t\t<div class=\"elementor-widget-container\">\n\t\t\t\t\t<h2 class=\"elementor-heading-title elementor-size-default\">Dia do Vinho com Modera\u00e7\u00e3o<\/h2>\t\t\t\t<\/div>\n\t\t\t\t<\/div>\n\t\t\t\t<div class=\"elementor-element elementor-element-dc03bfa elementor-widget elementor-widget-text-editor\" data-id=\"dc03bfa\" data-element_type=\"widget\" data-e-type=\"widget\" data-widget_type=\"text-editor.default\">\n\t\t\t\t<div class=\"elementor-widget-container\">\n\t\t\t\t\t\t\t\t\t<p>Com o objetivo de continuar a incentivar o consumo moderado e respons\u00e1vel de vinho, a Associa\u00e7\u00e3o Wine in Moderation (da qual a AEVP \u00e9 membro fundador) instituiu o primeiro <strong>Dia Internacional do Vinho com Modera\u00e7\u00e3o,<\/strong> a 8 de novembro, atrav\u00e9s de uma campanha: &#8220;O melhor vinho? Aquele que ir\u00e1s recordar&#8221;.<\/p><p>\u00a0<\/p><p>Em anexo pode ser encontrado um Comunicado de Imprensa da AEVP sobre os resultados desta campanha.<\/p><p>\u00a0<\/p><p><a href=\"https:\/\/www.aevp.pt\/wp-content\/uploads\/2023\/11\/2023-11-13_AEVP_Comunicado_Imprensa_Dia_do_Vinho_com_Moderacao.pdf\">2023-11-13_AEVP_Comunicado_Imprensa_Dia_do_Vinho_com_Modera\u00e7\u00e3o<\/a><\/p><p>\u00a0<\/p><p><strong>Imagem da nossa campanha:<\/strong><\/p>\t\t\t\t\t\t\t\t<\/div>\n\t\t\t\t<\/div>\n\t\t\t\t<div class=\"elementor-element elementor-element-e7874d7 elementor-widget__width-initial elementor-widget elementor-widget-image\" data-id=\"e7874d7\" data-element_type=\"widget\" data-e-type=\"widget\" data-widget_type=\"image.default\">\n\t\t\t\t<div class=\"elementor-widget-container\">\n\t\t\t\t\t\t\t\t\t\t\t\t\t\t\t<img fetchpriority=\"high\" decoding=\"async\" width=\"300\" height=\"212\" src=\"https:\/\/www.aevp.pt\/wp-content\/uploads\/2023\/11\/23.11.08-WIM-Day-Flyer_1-1-300x212.png\" class=\"attachment-medium size-medium wp-image-3566\" alt=\"\" srcset=\"https:\/\/www.aevp.pt\/wp-content\/uploads\/2023\/11\/23.11.08-WIM-Day-Flyer_1-1-300x212.png 300w, https:\/\/www.aevp.pt\/wp-content\/uploads\/2023\/11\/23.11.08-WIM-Day-Flyer_1-1-1024x724.png 1024w, https:\/\/www.aevp.pt\/wp-content\/uploads\/2023\/11\/23.11.08-WIM-Day-Flyer_1-1-768x543.png 768w, https:\/\/www.aevp.pt\/wp-content\/uploads\/2023\/11\/23.11.08-WIM-Day-Flyer_1-1-1536x1086.png 1536w, https:\/\/www.aevp.pt\/wp-content\/uploads\/2023\/11\/23.11.08-WIM-Day-Flyer_1-1-2048x1448.png 2048w\" sizes=\"(max-width: 300px) 100vw, 300px\" \/>\t\t\t\t\t\t\t\t\t\t\t\t\t\t\t<\/div>\n\t\t\t\t<\/div>\n\t\t\t\t<div class=\"elementor-element elementor-element-be5204f elementor-widget__width-initial elementor-widget elementor-widget-image\" data-id=\"be5204f\" data-element_type=\"widget\" data-e-type=\"widget\" data-widget_type=\"image.default\">\n\t\t\t\t<div class=\"elementor-widget-container\">\n\t\t\t\t\t\t\t\t\t\t\t\t\t\t\t<img decoding=\"async\" width=\"300\" height=\"212\" src=\"https:\/\/www.aevp.pt\/wp-content\/uploads\/2023\/11\/23.11.08-WIM-Day-Flyer_2-1-1-300x212.png\" class=\"attachment-medium size-medium wp-image-3576\" alt=\"\" srcset=\"https:\/\/www.aevp.pt\/wp-content\/uploads\/2023\/11\/23.11.08-WIM-Day-Flyer_2-1-1-300x212.png 300w, https:\/\/www.aevp.pt\/wp-content\/uploads\/2023\/11\/23.11.08-WIM-Day-Flyer_2-1-1-1024x724.png 1024w, https:\/\/www.aevp.pt\/wp-content\/uploads\/2023\/11\/23.11.08-WIM-Day-Flyer_2-1-1-768x543.png 768w, https:\/\/www.aevp.pt\/wp-content\/uploads\/2023\/11\/23.11.08-WIM-Day-Flyer_2-1-1-1536x1086.png 1536w, https:\/\/www.aevp.pt\/wp-content\/uploads\/2023\/11\/23.11.08-WIM-Day-Flyer_2-1-1-2048x1448.png 2048w\" sizes=\"(max-width: 300px) 100vw, 300px\" \/>\t\t\t\t\t\t\t\t\t\t\t\t\t\t\t<\/div>\n\t\t\t\t<\/div>\n\t\t\t\t<div class=\"elementor-element elementor-element-4d76a60 elementor-widget elementor-widget-spacer\" data-id=\"4d76a60\" data-element_type=\"widget\" data-e-type=\"widget\" data-widget_type=\"spacer.default\">\n\t\t\t\t<div class=\"elementor-widget-container\">\n\t\t\t\t\t\t\t<div class=\"elementor-spacer\">\n\t\t\t<div class=\"elementor-spacer-inner\"><\/div>\n\t\t<\/div>\n\t\t\t\t\t\t<\/div>\n\t\t\t\t<\/div>\n\t\t\t\t\t<\/div>\n\t\t<\/div>\n\t\t\t\t\t<\/div>\n\t\t<\/section>\n\t\t\t\t<section class=\"elementor-section elementor-top-section elementor-element elementor-element-e59a433 elementor-section-boxed elementor-section-height-default elementor-section-height-default\" data-id=\"e59a433\" data-element_type=\"section\" data-e-type=\"section\" data-settings=\"{&quot;background_background&quot;:&quot;classic&quot;}\">\n\t\t\t\t\t\t<div class=\"elementor-container elementor-column-gap-default\">\n\t\t\t\t\t<div class=\"elementor-column elementor-col-100 elementor-top-column elementor-element elementor-element-38d852f\" data-id=\"38d852f\" data-element_type=\"column\" data-e-type=\"column\">\n\t\t\t<div class=\"elementor-widget-wrap\">\n\t\t\t\t\t\t\t<\/div>\n\t\t<\/div>\n\t\t\t\t\t<\/div>\n\t\t<\/section>\n\t\t\t\t<\/div>\n\t\t","protected":false},"excerpt":{"rendered":"<p>Dia do Vinho com Modera\u00e7\u00e3o Com o objetivo de continuar a incentivar o consumo moderado e respons\u00e1vel de vinho, a Associa\u00e7\u00e3o Wine in Moderation (da qual a AEVP \u00e9 membro fundador) instituiu o primeiro Dia Internacional do Vinho com Modera\u00e7\u00e3o, a 8 de novembro, atrav\u00e9s de uma campanha: &#8220;O melhor vinho? Aquele que ir\u00e1s recordar&#8221;. [&hellip;]<\/p>\n","protected":false},"author":2,"featured_media":3562,"comment_status":"closed","ping_status":"closed","sticky":false,"template":"","format":"standard","meta":{"site-sidebar-layout":"default","site-content-layout":"","ast-site-content-layout":"default","site-content-style":"default","site-sidebar-style":"default","ast-global-header-display":"","ast-banner-title-visibility":"","ast-main-header-display":"","ast-hfb-above-header-display":"","ast-hfb-below-header-display":"","ast-hfb-mobile-header-display":"","site-post-title":"","ast-breadcrumbs-content":"","ast-featured-img":"","footer-sml-layout":"","ast-disable-related-posts":"","theme-transparent-header-meta":"","adv-header-id-meta":"","stick-header-meta":"","header-above-stick-meta":"","header-main-stick-meta":"","header-below-stick-meta":"","astra-migrate-meta-layouts":"set","ast-page-background-enabled":"default","ast-page-background-meta":{"desktop":{"background-color":"var(--ast-global-color-4)","background-image":"","background-repeat":"repeat","background-position":"center center","background-size":"auto","background-attachment":"scroll","background-type":"","background-media":"","overlay-type":"","overlay-color":"","overlay-opacity":"","overlay-gradient":""},"tablet":{"background-color":"","background-image":"","background-repeat":"repeat","background-position":"center center","background-size":"auto","background-attachment":"scroll","background-type":"","background-media":"","overlay-type":"","overlay-color":"","overlay-opacity":"","overlay-gradient":""},"mobile":{"background-color":"","background-image":"","background-repeat":"repeat","background-position":"center center","background-size":"auto","background-attachment":"scroll","background-type":"","background-media":"","overlay-type":"","overlay-color":"","overlay-opacity":"","overlay-gradient":""}},"ast-content-background-meta":{"desktop":{"background-color":"var(--ast-global-color-5)","background-image":"","background-repeat":"repeat","background-position":"center center","background-size":"auto","background-attachment":"scroll","background-type":"","background-media":"","overlay-type":"","overlay-color":"","overlay-opacity":"","overlay-gradient":""},"tablet":{"background-color":"var(--ast-global-color-5)","background-image":"","background-repeat":"repeat","background-position":"center center","background-size":"auto","background-attachment":"scroll","background-type":"","background-media":"","overlay-type":"","overlay-color":"","overlay-opacity":"","overlay-gradient":""},"mobile":{"background-color":"var(--ast-global-color-5)","background-image":"","background-repeat":"repeat","background-position":"center center","background-size":"auto","background-attachment":"scroll","background-type":"","background-media":"","overlay-type":"","overlay-color":"","overlay-opacity":"","overlay-gradient":""}},"footnotes":""},"categories":[10,11],"tags":[],"class_list":["post-3553","post","type-post","status-publish","format-standard","has-post-thumbnail","hentry","category-flash-news","category-vinho-com-moderacao"],"_links":{"self":[{"href":"https:\/\/www.aevp.pt\/index.php\/wp-json\/wp\/v2\/posts\/3553","targetHints":{"allow":["GET"]}}],"collection":[{"href":"https:\/\/www.aevp.pt\/index.php\/wp-json\/wp\/v2\/posts"}],"about":[{"href":"https:\/\/www.aevp.pt\/index.php\/wp-json\/wp\/v2\/types\/post"}],"author":[{"embeddable":true,"href":"https:\/\/www.aevp.pt\/index.php\/wp-json\/wp\/v2\/users\/2"}],"replies":[{"embeddable":true,"href":"https:\/\/www.aevp.pt\/index.php\/wp-json\/wp\/v2\/comments?post=3553"}],"version-history":[{"count":17,"href":"https:\/\/www.aevp.pt\/index.php\/wp-json\/wp\/v2\/posts\/3553\/revisions"}],"predecessor-version":[{"id":3592,"href":"https:\/\/www.aevp.pt\/index.php\/wp-json\/wp\/v2\/posts\/3553\/revisions\/3592"}],"wp:featuredmedia":[{"embeddable":true,"href":"https:\/\/www.aevp.pt\/index.php\/wp-json\/wp\/v2\/media\/3562"}],"wp:attachment":[{"href":"https:\/\/www.aevp.pt\/index.php\/wp-json\/wp\/v2\/media?parent=3553"}],"wp:term":[{"taxonomy":"category","embeddable":true,"href":"https:\/\/www.aevp.pt\/index.php\/wp-json\/wp\/v2\/categories?post=3553"},{"taxonomy":"post_tag","embeddable":true,"href":"https:\/\/www.aevp.pt\/index.php\/wp-json\/wp\/v2\/tags?post=3553"}],"curies":[{"name":"wp","href":"https:\/\/api.w.org\/{rel}","templated":true}]}}